{"id":271548,"date":"2026-03-19T10:03:53","date_gmt":"2026-03-19T09:03:53","guid":{"rendered":"https:\/\/www.visionsdureel.ch\/?p=271548"},"modified":"2026-04-02T09:23:24","modified_gmt":"2026-04-02T07:23:24","slug":"opening-pre-opening-films-2026","status":"publish","type":"post","link":"https:\/\/2026.visionsdureel.ch\/de\/opening-pre-opening-films-2026\/","title":{"rendered":"Entdecken Sie die Opening Film und Pre-opening Film der 57. Ausgabe"},"content":{"rendered":"\n<h2 class=\"wp-block-heading\">Die Er\u00f6ffnung der 57. Ausgabe von Visions du R\u00e9el wird am 17. April 2026 in Nyon in Anwesenheit der oscarpr\u00e4mierten Filmemacherin <a href=\"https:\/\/2026.visionsdureel.ch\/de\/laura-poitras-vdr-industry-gastin-2026\/\">Laura Poitras<\/a> stattfinden und verschiedener G\u00e4ste, darunder des Generalsekret\u00e4rs des Europarats, Alain Berset. Im Anschluss an die Er\u00f6ffnungsfeier wird Laura Poitras letzter Film <em>Cover-Up<\/em> in der Reihe Spezialvorf\u00fchrungen gezeigt werden. Das von der Stadt Nyon und Visions du R\u00e9el veranstaltete Pre-Opening wird am 16. April stattfinden und Giulia Montineri ihren Film <em>#SainteJulie<\/em> als Weltpremiere pr\u00e4sentieren.<\/h2>\n\n\n\n<h3 class=\"wp-block-heading\">Cover-Up von Laura Poitras<\/h3>\n\n\n\n<p>Die Er\u00f6ffnung der 57. Ausgabe von Visions du R\u00e9el wird am 17. April 2026 in Nyon in Anwesenheit der oscarpr\u00e4mierten Filmemacherin <a href=\"https:\/\/2026.visionsdureel.ch\/de\/laura-poitras-vdr-industry-gastin-2026\/\">Laura Poitras<\/a> stattfinden, des Generalsekret\u00e4rs des Europarats, Alain Berset, der Staatsr\u00e4tin und Vorsitzenden des Departements f\u00fcr Institutionen, Kultur, Infrastrukturen und Personal, Nuria Gorrite, des Stadtpr\u00e4sidenten von Nyon, Daniel Rossellat, und der Direktorin des Bundesamtes f\u00fcr Kultur (BAK), Carine Bachmann. Im Anschluss an die Er\u00f6ffnungsfeier wird Laura Poitras letzter Film <em>Cover-Up<\/em> in der Reihe Spezialvorf\u00fchrungen gezeigt werden.<\/p>\n\n\n\n<h3 class=\"wp-block-heading\">Zusammenfassung<\/h3>\n\n\n\n<p>Beim Auspacken seiner Kisten blickt Investigativ-Journalist Seymour Hersh auf seine wichtigsten Recherchen zur\u00fcck : die Aufdeckung des Massakers von My Lai, den Watergate-Skandal, den Missbrauch und die Folterungen in Abu Ghraib. Wie ein dokumentarischer Thriller zeichnet der von Mark Oberhaus und der Filmemacherin Laura Poitras in Co-Regie gedrehte Film das Portr\u00e4t eines engagierten Mannes, den Poitras 20 Jahre lang \u00fcberreden musste, an diesem Film mitzuwirken, und der \u00fcber sechzig Jahre lang unabl\u00e4ssig die Rolle des Oppositionellen gespielt hat. <em>Cover-Up<\/em> untersucht, in welche Schieflagen demokratische Regierungen geraten k\u00f6nnen, wenn sie sich von Recht und Wahrheit entfernen.<\/p>\n\n\n\n<h3 class=\"wp-block-heading\">Informationen<\/h3>\n\n\n\n<p>Freitag, 17. April<br>19:30 | Th\u00e9\u00e2tre de Marens, Nyon (Er\u00f6ffnungsfeier, nur auf Einladung)<br>20:30 | Grande Salle, Nyon<br>In Anwesenheit von Laura Poitras<br><\/p>\n\n\n\n<div class=\"wp-block-buttons is-content-justification-center is-layout-flex wp-container-core-buttons-is-layout-16018d1d wp-block-buttons-is-layout-flex\">\n<div class=\"wp-block-button has-custom-width wp-block-button__width-50 is-style-outline is-style-outline--1\"><a class=\"wp-block-button__link has-accent-color has-background-background-color has-text-color has-background has-link-color wp-element-button\" href=\"https:\/\/2026.visionsdureel.ch\/film\/2026\/cover-up\/\" style=\"border-radius:0px\">Ticket kaufen<\/a><\/div>\n<\/div>\n\n\n\n<div style=\"height:26px\" aria-hidden=\"true\" class=\"wp-block-spacer\"><\/div>\n\n\n\n<h2 class=\"wp-block-heading\">Giulia Montineri wird ihren Film #SainteJulie in Pre-Opening vorstellen<\/h2>\n\n\n\n<figure class=\"wp-block-image size-full\"><img decoding=\"async\" src=\"https:\/\/2026.visionsdureel.ch\/wp-content\/uploads\/2026\/03\/saintejulie_GA_2881940.jpeg\" alt=\"\" class=\"wp-image-265307\" style=\"aspect-ratio:16\/9;object-fit:cover\"\/><\/figure>\n\n\n\n<p>Visions du R\u00e9el und die <a href=\"https:\/\/www.nyon.ch\/\" target=\"_blank\" rel=\"noreferrer noopener\">Stadt Nyon<\/a> l\u00e4dt ein, den Auftakt des Festivals am traditionellen Abend des Pre-Openings zu feiern, der den Einwohner*innen der Region und der Umgebung offensteht. Aus diesem Anlass wird Giulia Montineri ihren Film <em>#SainteJulie<\/em> im Th\u00e9\u00e2tre de Marens sowie im Grande Salle in Nyon als Weltpremiere pr\u00e4sentieren.<\/p>\n\n\n\n<h3 class=\"wp-block-heading\">Zusammenfassung<\/h3>\n\n\n\n<p>In diesem Langfilm blickt die Filmemacherin Giulia Montieri auf die Aff\u00e4re Julie Douib zur\u00fcck. Am 3. M\u00e4rz 2019 wurde diese in \u00cele-Rousse, einem St\u00e4dtchen im Norden Korsikas, von ihrem Ex-Mann ermordet. Ganz offensichtlich wurde sie zum Opfer eines vorhersehbaren Femizids, beg\u00fcnstigt durch eine patriarchale Konditionierung, die kulturell und institutionell zugleich ist. Vier Jahre danach kehrte die Filmemacherin in ihre Heimatstadt zur\u00fcck, um das \u201eDanach\u201c der Katastrophe zu untersuchen. Dabei legte sie ihr Hauptaugenmerk auf die Entwicklung des ganz gew\u00f6hnlichen Sexismus, die Revolten von Feministinnen und Aktivistinnen sowie die Folgen dieses umfassenden gesellschaftlichen Ph\u00e4nomens. Ein Film wie ein Donnerschlag, der sich gegen die Resignation oder die Banalisierung von Gewalt richtet, unter der zahlreiche Frauen tagt\u00e4glich leiden.<\/p>\n\n\n\n<h3 class=\"wp-block-heading\">Informationen<\/h3>\n\n\n\n<p>Donnerstag, 16. April<br>19h30 | Th\u00e9\u00e2tre de Marens (Feierliche Zeremonie mit anschlie\u00dfender Filmvorf\u00fchrung)<br>20h00 | Grande Salle<br>In Anwesenheit von Giulia Montineri<br>Kostenlose Veranstaltung (Anmeldung erforderlich)<br><\/p>\n\n\n\n<div class=\"wp-block-buttons has-custom-font-size is-content-justification-center is-layout-flex wp-container-core-buttons-is-layout-16018d1d wp-block-buttons-is-layout-flex\" style=\"font-size:18px\">\n<div class=\"wp-block-button has-custom-width wp-block-button__width-50 is-style-outline is-style-outline--2\"><a class=\"wp-block-button__link has-accent-color has-text-color has-link-color has-normal-font-size has-custom-font-size wp-element-button\" href=\"https:\/\/2026.visionsdureel.ch\/film\/2026\/cover-up\/\" style=\"border-radius:0px\">Reservierung<\/a><\/div>\n<\/div>\n\n\n\n<hr class=\"wp-block-separator has-alpha-channel-opacity\"\/>\n\n\n      <\/div>\n    <\/div>\n  \n    <div class=\"w-100 container-fluid carousel-block-container\">\n    <div class=\"row mx-n3\">\n\n      \n                      <div class=\"col-12 col-sm-12 col-lg-6 \">\n            <article class=\"article-selection mb-5 mb-sm-4 mb-md-3 post-264860\">\n    <a class=\"link-image thumbnail-16-9\" data-href=\"https:\/\/2026.visionsdureel.ch\/de\/programm\/focus\/meriem-bennani\/\" href=\"https:\/\/2026.visionsdureel.ch\/de\/programm\/focus\/meriem-bennani\/\">\n      <img loading=\"lazy\" decoding=\"async\" width=\"270\" height=\"180\" src=\"https:\/\/2026.visionsdureel.ch\/wp-content\/uploads\/2026\/03\/1-Fondazione-Prada_Meriem-Bennani_ph-Valentina-Somma-270x180.jpg\" class=\"attachment-thumbnail size-thumbnail wp-post-image\" alt=\"\" sizes=\"auto, (max-width: 575px) 100vw, (max-width: 991px) calc(100vw \/ 2), (-webkit-min-device-pixel-ratio: 1.5) calc(100vw \/ 3), calc(100vw \/ 3)\" srcset=\"https:\/\/2026.visionsdureel.ch\/wp-content\/uploads\/2026\/03\/1-Fondazione-Prada_Meriem-Bennani_ph-Valentina-Somma-270x180.jpg 270w, https:\/\/2026.visionsdureel.ch\/wp-content\/uploads\/2026\/03\/1-Fondazione-Prada_Meriem-Bennani_ph-Valentina-Somma-720x480.jpg 720w, https:\/\/2026.visionsdureel.ch\/wp-content\/uploads\/2026\/03\/1-Fondazione-Prada_Meriem-Bennani_ph-Valentina-Somma-1080x720.jpg 1080w, https:\/\/2026.visionsdureel.ch\/wp-content\/uploads\/2026\/03\/1-Fondazione-Prada_Meriem-Bennani_ph-Valentina-Somma-360x240.jpg 360w, https:\/\/2026.visionsdureel.ch\/wp-content\/uploads\/2026\/03\/1-Fondazione-Prada_Meriem-Bennani_ph-Valentina-Somma-540x360.jpg 540w, https:\/\/2026.visionsdureel.ch\/wp-content\/uploads\/2026\/03\/1-Fondazione-Prada_Meriem-Bennani_ph-Valentina-Somma-1620x1080.jpg 1620w\" \/>          <\/a>\n        <h4 class=\"mt-2 mb-1 \">\n      Focus 2026: Meriem Bennani    <\/h4>\n                  <div class=\"mt-2\"> <a href=\"https:\/\/2026.visionsdureel.ch\/de\/programm\/focus\/meriem-bennani\/\" class=\" \">\n          Mehr        <\/a> <\/div>\n      <\/article>\n        <\/div>\n                      <div class=\"col-12 col-sm-12 col-lg-6 \">\n            <article class=\"article-selection mb-5 mb-sm-4 mb-md-3 post-166714\">\n    <a class=\"link-image thumbnail-16-9\" data-href=\"https:\/\/2026.visionsdureel.ch\/de\/programm\/uber\/\" href=\"https:\/\/2026.visionsdureel.ch\/de\/programm\/uber\/\">\n      <img loading=\"lazy\" decoding=\"async\" width=\"320\" height=\"180\" src=\"https:\/\/2026.visionsdureel.ch\/wp-content\/uploads\/2022\/03\/VdR26_Affiches_1920x1080_1_NoLogo-320x180.jpg\" class=\"attachment-thumbnail size-thumbnail wp-post-image\" alt=\"\" sizes=\"auto, (max-width: 575px) 100vw, (max-width: 991px) calc(100vw \/ 2), (-webkit-min-device-pixel-ratio: 1.5) calc(100vw \/ 3), calc(100vw \/ 3)\" srcset=\"https:\/\/2026.visionsdureel.ch\/wp-content\/uploads\/2022\/03\/VdR26_Affiches_1920x1080_1_NoLogo-320x180.jpg 320w, https:\/\/2026.visionsdureel.ch\/wp-content\/uploads\/2022\/03\/VdR26_Affiches_1920x1080_1_NoLogo-854x480.jpg 854w, https:\/\/2026.visionsdureel.ch\/wp-content\/uploads\/2022\/03\/VdR26_Affiches_1920x1080_1_NoLogo-1280x720.jpg 1280w, https:\/\/2026.visionsdureel.ch\/wp-content\/uploads\/2022\/03\/VdR26_Affiches_1920x1080_1_NoLogo-426x240.jpg 426w, https:\/\/2026.visionsdureel.ch\/wp-content\/uploads\/2022\/03\/VdR26_Affiches_1920x1080_1_NoLogo-640x360.jpg 640w, https:\/\/2026.visionsdureel.ch\/wp-content\/uploads\/2022\/03\/VdR26_Affiches_1920x1080_1_NoLogo-1920x1080.jpg 1920w\" \/>          <\/a>\n        <h4 class=\"mt-2 mb-1 \">\n      Festival    <\/h4>\n                  <div class=\"mt-2\"> <a href=\"https:\/\/2026.visionsdureel.ch\/de\/programm\/uber\/\" class=\" \">\n          Mehr        <\/a> <\/div>\n      <\/article>\n        <\/div>\n                      <div class=\"col-12 col-sm-12 col-lg-6 \">\n            <article class=\"article-selection mb-5 mb-sm-4 mb-md-3 post-249382\">\n    <a class=\"link-image thumbnail-16-9\" data-href=\"https:\/\/2026.visionsdureel.ch\/de\/programm\/themenpfad\/\" href=\"https:\/\/2026.visionsdureel.ch\/de\/programm\/themenpfad\/\">\n      <img loading=\"lazy\" decoding=\"async\" width=\"320\" height=\"180\" src=\"https:\/\/2026.visionsdureel.ch\/wp-content\/uploads\/2025\/03\/5.-RETOURS-VERS-LE-FUTUR.Film_qui-a-tue-l-aerotrain-320x180.jpeg\" class=\"attachment-thumbnail size-thumbnail wp-post-image\" alt=\"\" sizes=\"auto, (max-width: 575px) 100vw, (max-width: 991px) calc(100vw \/ 2), (-webkit-min-device-pixel-ratio: 1.5) calc(100vw \/ 3), calc(100vw \/ 3)\" srcset=\"https:\/\/2026.visionsdureel.ch\/wp-content\/uploads\/2025\/03\/5.-RETOURS-VERS-LE-FUTUR.Film_qui-a-tue-l-aerotrain-320x180.jpeg 320w, https:\/\/2026.visionsdureel.ch\/wp-content\/uploads\/2025\/03\/5.-RETOURS-VERS-LE-FUTUR.Film_qui-a-tue-l-aerotrain-854x480.jpeg 854w, https:\/\/2026.visionsdureel.ch\/wp-content\/uploads\/2025\/03\/5.-RETOURS-VERS-LE-FUTUR.Film_qui-a-tue-l-aerotrain-1280x720.jpeg 1280w, https:\/\/2026.visionsdureel.ch\/wp-content\/uploads\/2025\/03\/5.-RETOURS-VERS-LE-FUTUR.Film_qui-a-tue-l-aerotrain-426x240.jpeg 426w, https:\/\/2026.visionsdureel.ch\/wp-content\/uploads\/2025\/03\/5.-RETOURS-VERS-LE-FUTUR.Film_qui-a-tue-l-aerotrain-640x360.jpeg 640w, https:\/\/2026.visionsdureel.ch\/wp-content\/uploads\/2025\/03\/5.-RETOURS-VERS-LE-FUTUR.Film_qui-a-tue-l-aerotrain.jpeg 1920w\" \/>          <\/a>\n        <h4 class=\"mt-2 mb-1 \">\n      Thematische Streifz\u00fcge    <\/h4>\n                  <div class=\"mt-2\"> <a href=\"https:\/\/2026.visionsdureel.ch\/de\/programm\/themenpfad\/\" class=\" \">\n          Mehr        <\/a> <\/div>\n      <\/article>\n        <\/div>\n      \n          <\/div>\n  <\/div>\n  \n      <div class=\"row\">\n      <div class=\"col-12 col-sm-10 col-md-9 col-lg-7 col-xl-6 mx-auto\">\n          ","protected":false},"excerpt":{"rendered":"<p>Die Er\u00f6ffnung der 57. Ausgabe von Visions du R\u00e9el wird am 17. April 2026 in Nyon in Anwesenheit der oscarpr\u00e4mierten Filmemacherin Laura Poitras stattfinden und verschiedener G\u00e4ste. Im Anschluss an die Er\u00f6ffnungsfeier wird Laura Poitras letzter Film Cover-Up in der Reihe Spezialvorf\u00fchrungen gezeigt werden. Das von der Stadt Nyon und Visions du R\u00e9el veranstaltete Pre-Opening wird am 16. April stattfinden und Giulia Montineri ihren Film #SainteJulie als Weltpremiere pr\u00e4sentieren.<\/p>\n","protected":false},"author":35,"featured_media":271546,"comment_status":"closed","ping_status":"closed","sticky":false,"template":"","format":"standard","meta":{"_acf_changed":true,"footnotes":""},"categories":[420],"tags":[],"class_list":["post-271548","post","type-post","status-publish","format-standard","has-post-thumbnail","hentry","category-news"],"acf":[],"_links":{"self":[{"href":"https:\/\/2026.visionsdureel.ch\/de\/wp-json\/wp\/v2\/posts\/271548","targetHints":{"allow":["GET"]}}],"collection":[{"href":"https:\/\/2026.visionsdureel.ch\/de\/wp-json\/wp\/v2\/posts"}],"about":[{"href":"https:\/\/2026.visionsdureel.ch\/de\/wp-json\/wp\/v2\/types\/post"}],"author":[{"embeddable":true,"href":"https:\/\/2026.visionsdureel.ch\/de\/wp-json\/wp\/v2\/users\/35"}],"replies":[{"embeddable":true,"href":"https:\/\/2026.visionsdureel.ch\/de\/wp-json\/wp\/v2\/comments?post=271548"}],"version-history":[{"count":0,"href":"https:\/\/2026.visionsdureel.ch\/de\/wp-json\/wp\/v2\/posts\/271548\/revisions"}],"wp:featuredmedia":[{"embeddable":true,"href":"https:\/\/2026.visionsdureel.ch\/de\/wp-json\/wp\/v2\/media\/271546"}],"wp:attachment":[{"href":"https:\/\/2026.visionsdureel.ch\/de\/wp-json\/wp\/v2\/media?parent=271548"}],"wp:term":[{"taxonomy":"category","embeddable":true,"href":"https:\/\/2026.visionsdureel.ch\/de\/wp-json\/wp\/v2\/categories?post=271548"},{"taxonomy":"post_tag","embeddable":true,"href":"https:\/\/2026.visionsdureel.ch\/de\/wp-json\/wp\/v2\/tags?post=271548"}],"curies":[{"name":"wp","href":"https:\/\/api.w.org\/{rel}","templated":true}]}}