{"id":192031,"date":"2022-10-18T15:00:09","date_gmt":"2022-10-18T13:00:09","guid":{"rendered":"https:\/\/www.visionsdureel.ch\/?p=192031"},"modified":"2025-08-19T17:29:44","modified_gmt":"2025-08-19T15:29:44","slug":"stage-industry-film-market","status":"publish","type":"post","link":"https:\/\/2026.visionsdureel.ch\/de\/stage-industry-film-market\/","title":{"rendered":"Stage Industry \u2013 Film Market (100%)"},"content":{"rendered":"\n<p>Visions du R\u00e9el, Festival international de cin\u00e9ma Nyon recherche&nbsp;:<\/p>\n\n\n\n<p><strong>Un<\/strong>\u00b7<strong>e stagiaire Industry \u2013 Film Market<br><\/strong>de janvier \u00e0 avril 2026 (4 mois)<\/p>\n\n\n\n<p>Visions du R\u00e9el propose un stage dans un environnement culturel motivant\u00a0: une exp\u00e9rience permettant de d\u00e9couvrir un spectre tr\u00e8s large des diff\u00e9rents aspects composant un march\u00e9 du film et une plateforme pour les professionnel\u00b7le\u00b7s du cin\u00e9ma, au sein d\u2019une structure jouissant d\u2019une renomm\u00e9e nationale et internationale. <\/p>\n\n\n\n<p><strong>Le Festival Visions du R\u00e9el<\/strong><\/p>\n\n\n\n<p>La 57e \u00e9dition de Visions du R\u00e9el, Festival international de cin\u00e9ma Nyon, aura lieu du 17 au 26 avril 2026. Unique Festival d\u00e9di\u00e9 au documentaire de cr\u00e9ation en Suisse, Visions du R\u00e9el jouit d\u2019une renomm\u00e9e internationale. Il est l\u2019un des plus importants festivals au monde dans le domaine du cin\u00e9ma documentaire et r\u00e9unit plus de 50&#8217;000 spectateur\u00b7ice\u00b7s par \u00e9dition et plus de 1&#8217;300 professionnel\u00b7le\u00b7s. La branche VdR\u2013Industry, pan professionnel du Festival, soutient et promeut des projets de films \u00e0 chaque \u00e9tape de leur d\u00e9veloppement et production. VdR\u2013Industry est l\u2019un des march\u00e9s du film les plus importants d\u2019Europe dans ce domaine et offre une plateforme de r\u00e9seautage internationale pour les professionnel\u00b7le\u00b7s du cin\u00e9ma.<\/p>\n\n\n\n<p><strong>Encadrement du stage<\/strong><\/p>\n\n\n\n<p>Le stage est encadr\u00e9 par la responsable de l\u2019Industry ainsi que par l\u2019Industry manager. Au fil des mois, le\u00b7la stagiaire est en contact avec l\u2019ensemble des secteurs du Festival (programmation, communication et presse, production et \u00e9v\u00e9nements, hospitalit\u00e9, etc.). Tandis que des s\u00e9ances hebdomadaires avec l\u2019ensemble des secteurs du Festival sont \u00e9galement mises sur pied afin d\u2019offrir une vision globale de l\u2019organisation de la manifestation, des s\u00e9ances r\u00e9guli\u00e8res de coordination sont \u00e9galement organis\u00e9es au sein de l\u2019\u00e9quipe de l\u2019Industry. Le\u00b7la stagiaire aura ainsi l\u2019occasion de se former dans le domaine choisi et de d\u00e9velopper des comp\u00e9tences professionnelles li\u00e9es \u00e0 l\u2019organisation d\u2019un march\u00e9 du film.<\/p>\n\n\n\n<p><strong>Activit\u00e9s principales \u2013 Stage VdR\u2013Film Market<\/strong><\/p>\n\n\n\n<ul class=\"wp-block-list\">\n<li>Pr\u00e9paration, organisation et suivi du Film Market<\/li>\n\n\n\n<li>Contact avec des professionnel.le.s du cin\u00e9ma \u2013 acheteur\u00b7euse\u00b7s, distributeur\u00b7rice\u00b7s, producteur\u00b7rice\u00b7s, cin\u00e9astes<\/li>\n\n\n\n<li>T\u00e9l\u00e9chargement, compression, r\u00e9-encodage, upload des films<\/li>\n\n\n\n<li>Check technique et validation des screeners<\/li>\n\n\n\n<li>R\u00e9colte du mat\u00e9riel visuel aupr\u00e8s des acteur\u00b7rice\u00b7s des \u00e9v\u00e9nements de l\u2019Industry<\/li>\n\n\n\n<li>Pr\u00e9paration et coordination du Film Market durant le Festival, suivi en collaboration avec les responsables techniques<\/li>\n\n\n\n<li>Accompagnement et m\u00e9diation entre les mod\u00e9rateur\u00b7rice\u00b7s, intervenant\u00b7e\u00b7s, porteur\u00b7euse\u00b7s de projets de films et technicien\u00b7ne\u00b7s durant les \u00e9v\u00e9nements de l\u2019Industry<\/li>\n\n\n\n<li>Suivi de et collaboration avec l\u2019organisation g\u00e9n\u00e9rale de l\u2019Industry<\/li>\n\n\n\n<li>Utilisation de WordPress et de la base de donn\u00e9es Eventival (une formation est pr\u00e9vue en d\u00e9but de stage)<\/li>\n\n\n\n<li>Participation \u00e0 l\u2019accueil des professionnel\u00b7le\u00b7s et au bon d\u00e9roulement des activit\u00e9s de l\u2019Industry durant le Festival<\/li>\n\n\n\n<li>\u00c9tablissement de bilans et statistiques de l\u2019Industry pendant et apr\u00e8s le Festival<\/li>\n\n\n\n<li>Stockage et archivage<\/li>\n<\/ul>\n\n\n\n<p><strong>Profil recherch\u00e9<\/strong><br>Vous venez de terminer ou \u00eates sur le point de clore une formation universitaire (ou jug\u00e9e \u00e9quivalente). Vous visez une (premi\u00e8re) exp\u00e9rience dans le cadre d\u2019un march\u00e9 du film et de l\u2019\u00e9v\u00e9nementiel culturel.<\/p>\n\n\n\n<ul class=\"wp-block-list\">\n<li>Int\u00e9r\u00eat prononc\u00e9 pour le cin\u00e9ma en g\u00e9n\u00e9ral&nbsp;<\/li>\n\n\n\n<li>Bonne ma\u00eetrise des outils informatiques et logiciels, en priorit\u00e9 Word, Excel<\/li>\n\n\n\n<li>Pr\u00e9cision, rigueur, autonomie, polyvalence, r\u00e9sistance au stress et flexibilit\u00e9<\/li>\n\n\n\n<li>Fort esprit d\u2019\u00e9quipe, d\u2019initiative et appr\u00e9ciant le contact avec les gens<\/li>\n\n\n\n<li>Bon niveau d\u2019anglais et fran\u00e7ais<\/li>\n\n\n\n<li>Familiarit\u00e9 avec les diff\u00e9rents formats de fichiers informatiques (compression, encodage\u2026)<\/li>\n<\/ul>\n\n\n\n<p><strong>Taux de travail&nbsp;:<\/strong> 100%, avec une p\u00e9riode de r\u00e9sidence \u00e0 Nyon pendant la dur\u00e9e du Festival (logement fourni durant la p\u00e9riode du Festival, soit du 17 au 26 avril 2026)<\/p>\n\n\n\n<p><strong>Lieu de travail&nbsp;:<\/strong> Nyon<\/p>\n\n\n\n<p><strong>R\u00e9mun\u00e9ration&nbsp;:<\/strong>&nbsp;CHF 1200.- brut\/mois et 100 CHF\/mois de d\u00e9fraiement pour le transport<\/p>\n\n\n\n<p><strong>D\u00e9lai de candidature&nbsp;:&nbsp;<\/strong>1er octobre 2025<\/p>\n\n\n\n<p><strong>Entr\u00e9e en fonction&nbsp;:<\/strong> D\u00e9but janvier, date \u00e0 convenir<\/p>\n\n\n\n<p>Merci d\u2019adresser votre dossier de candidature complet (CV + lettre de motivation) en indiquant l\u2019intitul\u00e9 du stage et de l\u2019envoyer par email \u00e0 l\u2019adresse suivante&nbsp;: <a href=\"mailto:rh@visionsdureel.ch\">rh@visionsdureel.ch<\/a><br><br>Pour de plus amples informations, n\u2019h\u00e9sitez pas \u00e0 contacter <a href=\"mailto:industry@visionsdureel.ch\">industry@visionsdureel.ch<\/a>.<\/p>\n\n\n\n<div class=\"wp-block-buttons is-layout-flex wp-block-buttons-is-layout-flex\">\n<div class=\"wp-block-button has-custom-width wp-block-button__width-75 is-style-outline is-style-outline--1\"><a class=\"wp-block-button__link has-accent-color has-subtle-background-background-color has-text-color has-background has-link-color wp-element-button\" href=\"https:\/\/2026.visionsdureel.ch\/wp-content\/uploads\/2025\/08\/VdR26_Stage_Industry_Film-Market-1.pdf\" style=\"border-radius:0px\" target=\"_blank\" rel=\"noreferrer noopener\">T\u00e9l\u00e9charger le PDF<\/a><\/div>\n<\/div>\n","protected":false},"excerpt":{"rendered":"<p>VdR\u2013Industry recherche son\u00b7sa prochain\u00b7e stagiaire Industry (Film Market). D\u00e9lai de postulation: 1er octobre 2025.<\/p>\n","protected":false},"author":44,"featured_media":0,"comment_status":"closed","ping_status":"closed","sticky":false,"template":"","format":"standard","meta":{"_acf_changed":false,"footnotes":""},"categories":[404],"tags":[],"class_list":["post-192031","post","type-post","status-publish","format-standard","hentry","category-news"],"acf":[],"_links":{"self":[{"href":"https:\/\/2026.visionsdureel.ch\/de\/wp-json\/wp\/v2\/posts\/192031","targetHints":{"allow":["GET"]}}],"collection":[{"href":"https:\/\/2026.visionsdureel.ch\/de\/wp-json\/wp\/v2\/posts"}],"about":[{"href":"https:\/\/2026.visionsdureel.ch\/de\/wp-json\/wp\/v2\/types\/post"}],"author":[{"embeddable":true,"href":"https:\/\/2026.visionsdureel.ch\/de\/wp-json\/wp\/v2\/users\/44"}],"replies":[{"embeddable":true,"href":"https:\/\/2026.visionsdureel.ch\/de\/wp-json\/wp\/v2\/comments?post=192031"}],"version-history":[{"count":0,"href":"https:\/\/2026.visionsdureel.ch\/de\/wp-json\/wp\/v2\/posts\/192031\/revisions"}],"wp:attachment":[{"href":"https:\/\/2026.visionsdureel.ch\/de\/wp-json\/wp\/v2\/media?parent=192031"}],"wp:term":[{"taxonomy":"category","embeddable":true,"href":"https:\/\/2026.visionsdureel.ch\/de\/wp-json\/wp\/v2\/categories?post=192031"},{"taxonomy":"post_tag","embeddable":true,"href":"https:\/\/2026.visionsdureel.ch\/de\/wp-json\/wp\/v2\/tags?post=192031"}],"curies":[{"name":"wp","href":"https:\/\/api.w.org\/{rel}","templated":true}]}}